{"id":2634,"date":"2025-07-13T08:56:13","date_gmt":"2025-07-13T06:56:13","guid":{"rendered":"https:\/\/www.tracciatieditore.it\/?p=2634"},"modified":"2025-07-13T15:31:36","modified_gmt":"2025-07-13T13:31:36","slug":"maria-lazzari-lettere-allamica","status":"publish","type":"post","link":"https:\/\/www.tracciatieditore.it\/index.php\/2025\/07\/13\/maria-lazzari-lettere-allamica\/","title":{"rendered":"Maria Lazzari, Lettere all&#8217;amica"},"content":{"rendered":"<p style=\"font-weight: 400;\">Esce finalmente un documento che contribuisce alla conoscenza di una donna &#8220;normale&#8221; quanto straordinaria, Maria Lazzari (1903-1945), morta nel Lager di Bergen-Belsen nella primavera del 1945. Di lei si riteneva che non avesse lasciato scritti, ma la storia, coi suoi tempi, restituisce sempre brandelli di verit\u00e0 che possono lumeggiare fatti e persone apparentemente privi di interesse.<br \/>\nLe pagine delle sue \u201cLettere all\u2019amica\u201d, una sorta di diario ritrovato a Milano e pubblicato ora in un&#8217;edizione curata da Patrizio Zanella, possiedono un singolare valore testimoniale e letterario. Riflettono il clima politico e sociale che si viveva a Padova alla vigilia della Grande Guerra e negli anni Venti, quando in citt\u00e0 arriv\u00f2 il fascismo. Maria Lazzari, in queste righe dal sapore autobiografico, d\u00e0 il meglio di se stessa in una prospettiva esistenziale che sa indagare in profondit\u00e0 l\u2019animo umano, rivelando gioie e tormenti.<\/p>\n<figure id=\"attachment_2640\" aria-describedby=\"caption-attachment-2640\" style=\"width: 215px\" class=\"wp-caption alignright\"><a href=\"https:\/\/www.tracciatieditore.it\/wp-content\/uploads\/2025\/07\/img768_BN-x-sito.jpg\"><img loading=\"lazy\" decoding=\"async\" class=\"wp-image-2640 \" src=\"https:\/\/www.tracciatieditore.it\/wp-content\/uploads\/2025\/07\/img768_BN-x-sito-205x300.jpg\" alt=\"Maria Lazzari e la figlia Giuliana nel 1941\" width=\"215\" height=\"314\" srcset=\"https:\/\/www.tracciatieditore.it\/wp-content\/uploads\/2025\/07\/img768_BN-x-sito-205x300.jpg 205w, https:\/\/www.tracciatieditore.it\/wp-content\/uploads\/2025\/07\/img768_BN-x-sito.jpg 427w\" sizes=\"auto, (max-width: 215px) 100vw, 215px\" \/><\/a><figcaption id=\"caption-attachment-2640\" class=\"wp-caption-text\">Maria Lazzari e la figlia Giuliana nel 1941<\/figcaption><\/figure>\n<p style=\"font-weight: 400;\"><strong>Maria Lazzari<\/strong><em>: padovana, madre di una figlia, dopo la firma dell\u2019Armistizio 1943 partecipa, assieme ai membri della sua famiglia, alla lotta di liberazione nella resistenza. La loro abitazione, nel ghetto ebraico della citt\u00e0, diventa un importante punto di riferimento anche per molti perseguitati razziali. Nell\u2019autunno del 1944 \u00e8 arrestata assieme alla sorella Parisina. Da Trieste, nel carcere del Coroneo, il 10 gennaio 1945 viene deportata in Germania nel Lager di Ravensbru\u0308ck. Sopravvissuta alla Marcia della morte, muore a Bergen-Belsen, lo stesso campo in cui mor\u00ec Anna Frank, pochi giorni prima della liberazione. \u00c8 inserita nell\u2019album del \u00abGiardino dei Giusti del mondo di Padova\u00bb.<\/em><\/p>\n<p style=\"font-weight: 400;\"><strong>Patrizio Zanella<\/strong><em>: laurea in Filosofia, in Storia e in Scienze Religiose, \u00e8 docente di scuola superiore. Ha lavorato con il \u201cMessaggero di Sant\u2019Antonio\u201d, collabora con varie testate giornalistiche ed \u00e8 autore di saggi su temi di divulgazione storico-religiosa, tra cui: \u201cUmanit\u00e0 nei Lager nazisti\u201d (2004); \u201cUn clarinetto nel Lager. Diario di prigionia 1943-45 di Aldo Valerio Cacco\u201d (2015); \u201cMaria Lazzari. Storia di una deportata antifascista\u201d (2020).<\/em><\/p>\n<p style=\"font-weight: 400;\"><strong>Lettere all&#8217;amica (1912-1931)<br \/>\n<\/strong>A cura di Patrizio Zanella<br \/>\n<em>2025 &#8211; pag. 184, Euro 18,00<br \/>\n<\/em><a href=\"https:\/\/shop.tracciatieditore.it\/index.php\/prodotto\/lettere-allamica-1912-1931\/\"><strong>Acquista ora<\/strong><\/a><em><br \/>\n<\/em><\/p>\n","protected":false},"excerpt":{"rendered":"<p>Esce finalmente un documento che contribuisce alla conoscenza di una donna &#8220;normale&#8221; quanto straordinaria, Maria Lazzari (1903-1945), morta nel Lager di Bergen-Belsen nella primavera del 1945. Di lei si riteneva che non avesse lasciato scritti, ma la storia, coi suoi tempi, restituisce sempre brandelli di verit\u00e0 che possono lumeggiare fatti e persone apparentemente privi di [&hellip;]<\/p>\n","protected":false},"author":1,"featured_media":2636,"comment_status":"open","ping_status":"open","sticky":false,"template":"","format":"standard","meta":{"_monsterinsights_skip_tracking":false,"_monsterinsights_sitenote_active":false,"_monsterinsights_sitenote_note":"","_monsterinsights_sitenote_category":0,"footnotes":""},"categories":[320,204],"tags":[417,416,415,414,14,418],"class_list":["post-2634","post","type-post","status-publish","format-standard","has-post-thumbnail","hentry","category-i-tralci","category-ultimi-articoli","tag-bergen-belsen","tag-giusti-del-mondo","tag-lager","tag-lazzari-maria","tag-padova","tag-zanella-patrizio"],"aioseo_notices":[],"_links":{"self":[{"href":"https:\/\/www.tracciatieditore.it\/index.php\/wp-json\/wp\/v2\/posts\/2634","targetHints":{"allow":["GET"]}}],"collection":[{"href":"https:\/\/www.tracciatieditore.it\/index.php\/wp-json\/wp\/v2\/posts"}],"about":[{"href":"https:\/\/www.tracciatieditore.it\/index.php\/wp-json\/wp\/v2\/types\/post"}],"author":[{"embeddable":true,"href":"https:\/\/www.tracciatieditore.it\/index.php\/wp-json\/wp\/v2\/users\/1"}],"replies":[{"embeddable":true,"href":"https:\/\/www.tracciatieditore.it\/index.php\/wp-json\/wp\/v2\/comments?post=2634"}],"version-history":[{"count":8,"href":"https:\/\/www.tracciatieditore.it\/index.php\/wp-json\/wp\/v2\/posts\/2634\/revisions"}],"predecessor-version":[{"id":2647,"href":"https:\/\/www.tracciatieditore.it\/index.php\/wp-json\/wp\/v2\/posts\/2634\/revisions\/2647"}],"wp:featuredmedia":[{"embeddable":true,"href":"https:\/\/www.tracciatieditore.it\/index.php\/wp-json\/wp\/v2\/media\/2636"}],"wp:attachment":[{"href":"https:\/\/www.tracciatieditore.it\/index.php\/wp-json\/wp\/v2\/media?parent=2634"}],"wp:term":[{"taxonomy":"category","embeddable":true,"href":"https:\/\/www.tracciatieditore.it\/index.php\/wp-json\/wp\/v2\/categories?post=2634"},{"taxonomy":"post_tag","embeddable":true,"href":"https:\/\/www.tracciatieditore.it\/index.php\/wp-json\/wp\/v2\/tags?post=2634"}],"curies":[{"name":"wp","href":"https:\/\/api.w.org\/{rel}","templated":true}]}}